{"id":7466,"date":"2023-09-28T08:44:47","date_gmt":"2023-09-28T06:44:47","guid":{"rendered":"http:\/\/bifi.es\/?p=7466"},"modified":"2023-09-28T08:54:31","modified_gmt":"2023-09-28T06:54:31","slug":"el-bifi-participara-en-la-nueva-edicion-de-la-noche-europea-de-los-investigadores-e-investigadoras","status":"publish","type":"post","link":"https:\/\/bifi.es\/es\/el-bifi-participara-en-la-nueva-edicion-de-la-noche-europea-de-los-investigadores-e-investigadoras\/","title":{"rendered":"El BIFI participar\u00e1 en la nueva edici\u00f3n de la noche europea de los investigadores e investigadoras"},"content":{"rendered":"<p style=\"font-weight: 400;\">Este <strong>viernes 29 de septiembre, de 17 a 21 horas<\/strong>, tendr\u00e1 lugar una nueva edici\u00f3n de <strong>la noche europea de la investigaci\u00f3n<\/strong> (European Researchers&#8217; Night). Para esta ocasi\u00f3n, la <strong>Universidad de Zaragoza<\/strong>, desde su <strong>Vicerrector\u00eda de Pol\u00edtica Cient\u00edfica,<\/strong> ha organizado con la <strong>Unidad de Cultura Cient\u00edfica (UCC)<\/strong> y en colaboraci\u00f3n con los distintos <strong>Institutos Universitarios de Investigaci\u00f3n<\/strong> (propios y mixtos), distintas actividades en <strong>Zaragoza, Huesca y Teruel<\/strong>, con el objetivo de acercar los trabajos de los distintos grupos de investigaci\u00f3n de la Universidad a toda la ciudadan\u00eda.<\/p>\n<p><img loading=\"lazy\" decoding=\"async\" class=\"wp-image-7467 aligncenter\" src=\"https:\/\/bifi.es\/wp-content\/uploads\/2023\/09\/cartel-zaragoza-noche-investigadores-2023-213x300.png\" alt=\"\" width=\"375\" height=\"528\" srcset=\"https:\/\/bifi.es\/wp-content\/uploads\/2023\/09\/cartel-zaragoza-noche-investigadores-2023-213x300.png 213w, https:\/\/bifi.es\/wp-content\/uploads\/2023\/09\/cartel-zaragoza-noche-investigadores-2023-768x1079.png 768w, https:\/\/bifi.es\/wp-content\/uploads\/2023\/09\/cartel-zaragoza-noche-investigadores-2023-729x1024.png 729w\" sizes=\"auto, (max-width: 375px) 100vw, 375px\" \/><\/p>\n<p style=\"font-weight: 400;\">A trav\u00e9s de distintas actividades (mon\u00f3logos, experimentos, caf\u00e9s cient\u00edficos, visitas guiadas, etc), los asistentes podr\u00e1n conocer los beneficios que aportan a la sociedad estos proyectos de investigaci\u00f3n, siendo tambi\u00e9n una buena ocasi\u00f3n para el fomento de las carreras cient\u00edficas eliminando la brecha de g\u00e9nero.<\/p>\n<p>Estas actividades podr\u00e1n encontrarse en:<\/p>\n<ul>\n<li>\n<p style=\"font-weight: 400;\"><strong>Zaragoza.<\/strong> Edificio Paraninfo<\/p>\n<\/li>\n<li>\n<p style=\"font-weight: 400;\"><strong>Huesca.<\/strong> Sal\u00f3n Azul del Casino (Plaza de Navarra)<\/p>\n<\/li>\n<li>\n<p style=\"font-weight: 400;\"><strong>Teruel.<\/strong> Porches de la Plaza del Torico (Museo Provincial de Teruel)<\/p>\n<\/li>\n<\/ul>\n<div><\/div>\n<div><\/div>\n<p>&nbsp;<\/p>\n<h3><strong>Novedad en esta edici\u00f3n &#8211; los dientes del ratoncito P\u00e9rez<\/strong><\/h3>\n<p style=\"font-weight: 400;\">Los m\u00e1s peque\u00f1os podr\u00e1n participar en las\u00a0<b>tres ciudades<\/b>\u00a0con una\u00a0<b>investigaci\u00f3n en curso<\/b>, al entregar sus\u00a0<b>dientes de leche al ratoncito P\u00e9rez<\/b>\u00a0para el Centro Nacional de Investigaci\u00f3n sobre la Evoluci\u00f3n Humana\u00a0<b>(CENIEH)<\/b>, y colaborar as\u00ed en la realizaci\u00f3n de investigaciones en el \u00e1mbito\u00a0<b>paleoantropol\u00f3gico y forense<\/b>. En estos momentos\u00a0<b>la colecci\u00f3n cuenta con m\u00e1s de 3.600 piezas dentales de ni\u00f1os y ni\u00f1as<\/b>\u00a0con edades de ca\u00edda del diente de entre 2 y 15 a\u00f1os y procedentes en su mayor parte de Espa\u00f1a, aunque tambi\u00e9n hay de otros pa\u00edses como Australia, China, Francia, India, M\u00e9xico, Pa\u00edses Bajos, Rep\u00fablica Dominicana y Rusia.\u00a0<b>A cambio recibir\u00e1n un obsequio y un certificado<\/b>\u00a0como ayudantes del Rat\u00f3n P\u00e9rez y del\u00a0<b>Grupo de Antropolog\u00eda Dental<\/b>\u00a0del CENIEH, adem\u00e1s de<b>\u00a0merchandising de la Casita Museo del Rat\u00f3n P\u00e9rez<\/b>\u00a0de Madrid.<\/p>\n<div><\/div>\n<p>&nbsp;<\/p>\n<h3><strong>El Instituto BIFI participar\u00e1 con dos experimentos<\/strong><\/h3>\n<div>\n<p style=\"font-weight: 400;\">Este a\u00f1o el Instituto BIFI contar\u00e1 con una mesa en el hall del Paraninfo, donde acercar\u00e1 su trabajo a la ciudadan\u00eda a trav\u00e9s de dos experimentos cient\u00edficos, entre las 17 y 20 horas.<\/p>\n<h4>De Neuronas a Memes: El Secreto de ChatGPT Revelado<\/h4>\n<p style=\"font-weight: 400;\">\u00bfAlguna vez has pensado qu\u00e9 hay detr\u00e1s de una respuesta ingeniosa de la inteligencia artificial? \u00danete a nosotros en una traves\u00eda donde desentra\u00f1aremos los misterios de ChatGPT. Desde el \u00e1rea de computaci\u00f3n del Instituto BIFI, jugaremos con esta herramienta, que tan de moda est\u00e1 actualmente, y te mostraremos c\u00f3mo una red de \u00abneuronas digitales\u00bb puede generar respuestas tan humanas&#8230; y a veces, m\u00e1s divertidas. Descubre el equilibrio perfecto entre ciencia y humor en el mundo de la IA.<\/p>\n<p style=\"font-weight: 400;\">Investigador@s participantes:\u00a0Chema Rueda (BIFI) y Juan Luis Duran (Kampal).<\/p>\n<h4>Chefs cient\u00edficos: en busca de la \u201cEsfera Michel\u00edn\u201d<\/h4>\n<p style=\"font-weight: 400;\">La ciencia ha tenido un papel muy importante en los \u00faltimos a\u00f1os en el mundo de la cocina, dando lugar a lo que se conoce como \u201ccocina molecular\u201d. \u00bfQuieres saber de qu\u00e9 se trata? Los investigadores e investigadoras de la Universidad de Zaragoza os ayudaremos a convertirnos en aut\u00e9nticos \u201cchefs moleculares\u201d con la ayuda de la ciencia. Demostraremos c\u00f3mo bebidas como el zumo, los refrescos, o incluso alimentos como el yogurt, se convierten en esferas de gelatina con solo 2 ingredientes: alginato (procedente de las algas) y calcio. Una forma innovadora y ex\u00f3tica que permitir\u00e1 tanto a grandes como a peque\u00f1os disfrutar de la llamativa combinaci\u00f3n de ciencia y cocina.<\/p>\n<p style=\"font-weight: 400;\">Investigador@s participantes:\u00a0Olga Arjona, Andrea Moreno, Paula Cinca, Irene Oliv\u00e1n, V\u00edctor Correa, Diego Boj y Marta Mart\u00ednez.<\/p>\n<\/div>\n<p>&nbsp;<\/p>\n<h3><strong>Proyecto europeo \u00abGo for the Missions\u00bb<\/strong><\/h3>\n<p style=\"font-weight: 400;\">Este a\u00f1o, la celebraci\u00f3n de la Noche Europea de los Investigadores e Investigadoras vuelve a inscribirse en el marco del proyecto europeo \u00ab<strong>Go for the Missions<\/strong>\u00bb (G9 Missions) del\u00a0<a href=\"https:\/\/www.uni-g9.net\/\">Grupo 9 de Universidades<\/a>, en el que participan adem\u00e1s de la Universidad de Zaragoza, la Universidad de Oviedo, la Universidad de Castilla-La Mancha, la Universidad de Extremadura, la Universidad de las Islas Baleares, la Universidad del Pa\u00eds Vasco, la Universidad P\u00fablica de Navarra y la Universidad de La Rioja.<\/p>\n<p style=\"font-weight: 400;\">La Noche Europea de los Investigadores, que se celebra en m\u00e1s de<strong>\u00a0370 ciudades<\/strong>\u00a0del continente, est\u00e1 financiada por la Comisi\u00f3n Europea bajo las\u00a0<strong>Acciones Marie Sk\u0142odowska-Curie<\/strong>\u00a0(MSCA), iniciativa para fomentar las carreras cient\u00edficas en Europa, que se enmarca en Horizonte Europa, Programa Marco de Investigaci\u00f3n e Innovaci\u00f3n de la Uni\u00f3n Europea.<\/p>\n<p style=\"font-weight: 400;\">A este evento se suma en Zaragoza el<strong>\u00a0CaixaForum, junto a esCiencia<\/strong>, asociado a la European Researchers&#8217; Night. El objetivo de las actividades que se organizan es llevar la investigaci\u00f3n a ni\u00f1os y ni\u00f1as, j\u00f3venes, familias y p\u00fablico general, brindarles la oportunidad de descubrir la investigaci\u00f3n, la ciencia y la innovaci\u00f3n.<\/p>\n<h3><\/h3>\n<h3><b>Participantes<\/b><\/h3>\n<ul type=\"disc\">\n<li>Instituto de Biocomputaci\u00f3n y F\u00edsica Sistemas Complejos (BIFI)<\/li>\n<li>Instituto de Investigaci\u00f3n en Ingenier\u00eda de Arag\u00f3n (I3A)<\/li>\n<li>Instituto de Empleo, Sociedad Digital y Sostenibilidad (IEDIS)<\/li>\n<li>Instituto de Patrimonio y Humanidades (IPH)<\/li>\n<li>Instituto de Investigaci\u00f3n en Ciencias Ambientales (IUCA)<\/li>\n<li>Instituto Universitario de Matem\u00e1ticas y Aplicaciones (IUMA)<\/li>\n<li>Centro de Astropart\u00edculas y F\u00edsica de Altas Energ\u00edas (CAPA)<\/li>\n<li>Centro de Encefalopat\u00edas y Enfermedades Transmisibles Emergentes<\/li>\n<li>Instituto Mixto Centro de Investigaci\u00f3n de Recursos y Consumos Energ\u00e9ticos (CIRCE, Fundaci\u00f3n CIRCE-UNIZAR)<\/li>\n<li>Instituto Agroalimentario de Arag\u00f3n (IA2, CITA-UNIZAR)<\/li>\n<li>Instituto de Nanociencia y Materiales de Arag\u00f3n (INMA, CSIC-UNIZAR)<\/li>\n<li>Instituto de S\u00edntesis Qu\u00edmica y Cat\u00e1lisis Homog\u00e9nea (ISQCH, CSIC-UNIZAR)<\/li>\n<li>Instituto de Investigaci\u00f3n Sanitaria de Arag\u00f3n (IIS Arag\u00f3n, SALUD ARAG\u00d3N-IACS-UNIZAR)<\/li>\n<li>Proyectos internacionales UNITA y ReUNITA.<\/li>\n<li>Servicio de Apoyo a la Investigaci\u00f3n (SAI)<\/li>\n<li>Museo de Ciencias Naturales Unizar<\/li>\n<li>Laboratorio Subterr\u00e1neo de Canfranc<\/li>\n<li>Fundaci\u00f3n Ibercivis y Kampal<\/li>\n<\/ul>\n<p>&nbsp;<\/p>\n<h3><strong>M\u00e1s informaci\u00f3n<\/strong><\/h3>\n<p><strong>Programa general de la Noche de los investigadores y las investigadoras<\/strong><\/p>\n<h4><strong>Programa Zaragoza<\/strong><\/h4>\n<div><a href=\"https:\/\/ucc.unizar.es\/noche-investigadores\/2023\/programa-zaragoza\">https:\/\/ucc.unizar.es\/noche-investigadores\/2023\/programa-zaragoza<\/a><\/div>\n<p>&nbsp;<\/p>\n<h4><strong>Programa Huesca<\/strong><\/h4>\n<div><a href=\"https:\/\/ucc.unizar.es\/noche-investigadores\/2023\/programa-huesca\">https:\/\/ucc.unizar.es\/noche-investigadores\/2023\/programa-huesca<\/a><\/div>\n<p>&nbsp;<\/p>\n<h4><strong>Programa Teruel<\/strong><\/h4>\n<div><a href=\"https:\/\/ucc.unizar.es\/noche-investigadores\/2023\/programa-teruel\">https:\/\/ucc.unizar.es\/noche-investigadores\/2023\/programa-teruel<\/a><\/div>\n<p>&nbsp;<\/p>\n<h4><strong>Programa CaixaForum<\/strong><\/h4>\n<p><a href=\"https:\/\/caixaforum.org\/es\/zaragoza\/p\/noche-de-la-investigacion_c35215806\">https:\/\/caixaforum.org\/es\/zaragoza\/p\/noche-de-la-investigacion_c35215806<\/a><\/p>\n","protected":false},"excerpt":{"rendered":"<p>Este viernes 29 de septiembre, de 17 a 21 horas, tendr\u00e1 lugar una nueva edici\u00f3n de la noche europea de la investigaci\u00f3n (European Researchers&#8217; Night). Para esta ocasi\u00f3n, la Universidad [&hellip;]<\/p>\n","protected":false},"author":11,"featured_media":0,"comment_status":"closed","ping_status":"closed","sticky":false,"template":"","format":"standard","meta":{"footnotes":""},"categories":[30,47],"tags":[83],"class_list":["post-7466","post","type-post","status-publish","format-standard","hentry","category-noticias-es","category-noticias-es-2","tag-divulgacion"],"_links":{"self":[{"href":"https:\/\/bifi.es\/es\/wp-json\/wp\/v2\/posts\/7466","targetHints":{"allow":["GET"]}}],"collection":[{"href":"https:\/\/bifi.es\/es\/wp-json\/wp\/v2\/posts"}],"about":[{"href":"https:\/\/bifi.es\/es\/wp-json\/wp\/v2\/types\/post"}],"author":[{"embeddable":true,"href":"https:\/\/bifi.es\/es\/wp-json\/wp\/v2\/users\/11"}],"replies":[{"embeddable":true,"href":"https:\/\/bifi.es\/es\/wp-json\/wp\/v2\/comments?post=7466"}],"version-history":[{"count":15,"href":"https:\/\/bifi.es\/es\/wp-json\/wp\/v2\/posts\/7466\/revisions"}],"predecessor-version":[{"id":7483,"href":"https:\/\/bifi.es\/es\/wp-json\/wp\/v2\/posts\/7466\/revisions\/7483"}],"wp:attachment":[{"href":"https:\/\/bifi.es\/es\/wp-json\/wp\/v2\/media?parent=7466"}],"wp:term":[{"taxonomy":"category","embeddable":true,"href":"https:\/\/bifi.es\/es\/wp-json\/wp\/v2\/categories?post=7466"},{"taxonomy":"post_tag","embeddable":true,"href":"https:\/\/bifi.es\/es\/wp-json\/wp\/v2\/tags?post=7466"}],"curies":[{"name":"wp","href":"https:\/\/api.w.org\/{rel}","templated":true}]}}